{"id":102,"date":"2025-01-14T03:46:08","date_gmt":"2025-01-14T03:46:08","guid":{"rendered":"https:\/\/admin.arpa.buap.mx\/arteymedios\/?p=102"},"modified":"2025-11-24T01:23:27","modified_gmt":"2025-11-24T01:23:27","slug":"amanda-rosa-perez-morales","status":"publish","type":"post","link":"https:\/\/admin.arpa.buap.mx\/arteymedios\/2025\/01\/14\/amanda-rosa-perez-morales\/","title":{"rendered":"Dra. Amanda Rosa P\u00e9rez Morales"},"content":{"rendered":"\n<div class=\"wp-block-columns is-layout-flex wp-container-core-columns-is-layout-9d6595d7 wp-block-columns-is-layout-flex\">\n<div class=\"wp-block-column is-layout-flow wp-block-column-is-layout-flow\" style=\"flex-basis:66.66%\">\n<figure class=\"wp-block-image size-full\"><img loading=\"lazy\" decoding=\"async\" width=\"2048\" height=\"2048\" src=\"https:\/\/admin.arpa.buap.mx\/arteymedios\/wp-content\/uploads\/sites\/23\/2025\/01\/Amanda-Rosa-Perez.png\" alt=\"\" class=\"wp-image-246\" srcset=\"https:\/\/admin.arpa.buap.mx\/arteymedios\/wp-content\/uploads\/sites\/23\/2025\/01\/Amanda-Rosa-Perez.png 2048w, https:\/\/admin.arpa.buap.mx\/arteymedios\/wp-content\/uploads\/sites\/23\/2025\/01\/Amanda-Rosa-Perez-300x300.png 300w, https:\/\/admin.arpa.buap.mx\/arteymedios\/wp-content\/uploads\/sites\/23\/2025\/01\/Amanda-Rosa-Perez-1024x1024.png 1024w, https:\/\/admin.arpa.buap.mx\/arteymedios\/wp-content\/uploads\/sites\/23\/2025\/01\/Amanda-Rosa-Perez-150x150.png 150w, https:\/\/admin.arpa.buap.mx\/arteymedios\/wp-content\/uploads\/sites\/23\/2025\/01\/Amanda-Rosa-Perez-768x768.png 768w, https:\/\/admin.arpa.buap.mx\/arteymedios\/wp-content\/uploads\/sites\/23\/2025\/01\/Amanda-Rosa-Perez-1536x1536.png 1536w\" sizes=\"auto, (max-width: 2048px) 100vw, 2048px\" \/><\/figure>\n\n\n\n<p><strong>SNII C<\/strong><\/p>\n\n\n\n<p><strong>LGAC MAYM:<\/strong> Teor\u00eda e innovaci\u00f3n en artes y medios<\/p>\n\n\n\n<p><strong>L\u00edneas de investigaci\u00f3n:<\/strong><\/p>\n\n\n\n<ul class=\"wp-block-list\">\n<li>Investigaci\u00f3n de estudios filos\u00f3ficos y te\u00f3ricos sobre medios, Bioarte<\/li>\n<\/ul>\n<\/div>\n\n\n\n<div class=\"wp-block-column is-layout-flow wp-block-column-is-layout-flow\" style=\"flex-basis:60%\">\n<p>Escritora y Doctora en Filosof\u00eda. Dirige el Centro de Estudios Filos\u00f3fico-Culturales y su revista de filosof\u00eda y cultura Par\u00e1lisis. Se desempe\u00f1a como profesora de la Escuela de Artes Pl\u00e1sticas y Audiovisuales de la BUAP y de la Maestr\u00eda en Est\u00e9tica y Arte de la misma casa de estudios. Ha publicado, antologado y coordinado varios libros de filosof\u00eda y de literatura, as\u00ed como impartido conferencias en Am\u00e9rica, Asia, Europa y Ocean\u00eda. Tiene como \u00e1reas de especializaci\u00f3n: la Filosof\u00eda de la Tecnolog\u00eda, la Filosof\u00eda del arte, la Est\u00e9tica y el Bioarte- dentro del cual propone un acercamiento ontoetoest\u00e9tico. Sus l\u00edneas de investigaci\u00f3n son: Postfenomenolog\u00eda, Agenciamiento moral de los artefactos tecnol\u00f3gicos y el estudio de las Virtualidades fant\u00e1sticas y tecnol\u00f3gicas. Los pensadores que abordan, frecuentemente, dentro de las \u00e1reas antes se\u00f1aladas son: Immanuel Kant, Edmund Burke, Gilbert Simondon, Simone Weil, Mar\u00eda Zambrano, Jos\u00e9 Lezama Lima, Marshall McLuhan, Arthur Danto y Don Ihde. Es miembro del SNI nivel Candidata. Igualmente, se desempe\u00f1a como curadora y coordina el proyecto: Laboratorio de BioArte en Puebla, en colaboraci\u00f3n con la Facultad de Medicina de la BUAP.<\/p>\n<\/div>\n<\/div>\n\n\n\n<p><\/p>\n\n\n\n<p><\/p>\n","protected":false},"excerpt":{"rendered":"<p>SNII C LGAC MAYM: Teor\u00eda e innovaci\u00f3n en artes y medios L\u00edneas de investigaci\u00f3n: Escritora y Doctora en Filosof\u00eda. Dirige el Centro de Estudios Filos\u00f3fico-Culturales [&hellip;]<\/p>\n","protected":false},"author":59,"featured_media":278,"comment_status":"closed","ping_status":"open","sticky":false,"template":"","format":"standard","meta":{"footnotes":""},"categories":[4],"tags":[],"class_list":["post-102","post","type-post","status-publish","format-standard","has-post-thumbnail","hentry","category-planta-academica"],"_links":{"self":[{"href":"https:\/\/admin.arpa.buap.mx\/arteymedios\/wp-json\/wp\/v2\/posts\/102","targetHints":{"allow":["GET"]}}],"collection":[{"href":"https:\/\/admin.arpa.buap.mx\/arteymedios\/wp-json\/wp\/v2\/posts"}],"about":[{"href":"https:\/\/admin.arpa.buap.mx\/arteymedios\/wp-json\/wp\/v2\/types\/post"}],"author":[{"embeddable":true,"href":"https:\/\/admin.arpa.buap.mx\/arteymedios\/wp-json\/wp\/v2\/users\/59"}],"replies":[{"embeddable":true,"href":"https:\/\/admin.arpa.buap.mx\/arteymedios\/wp-json\/wp\/v2\/comments?post=102"}],"version-history":[{"count":6,"href":"https:\/\/admin.arpa.buap.mx\/arteymedios\/wp-json\/wp\/v2\/posts\/102\/revisions"}],"predecessor-version":[{"id":540,"href":"https:\/\/admin.arpa.buap.mx\/arteymedios\/wp-json\/wp\/v2\/posts\/102\/revisions\/540"}],"wp:featuredmedia":[{"embeddable":true,"href":"https:\/\/admin.arpa.buap.mx\/arteymedios\/wp-json\/wp\/v2\/media\/278"}],"wp:attachment":[{"href":"https:\/\/admin.arpa.buap.mx\/arteymedios\/wp-json\/wp\/v2\/media?parent=102"}],"wp:term":[{"taxonomy":"category","embeddable":true,"href":"https:\/\/admin.arpa.buap.mx\/arteymedios\/wp-json\/wp\/v2\/categories?post=102"},{"taxonomy":"post_tag","embeddable":true,"href":"https:\/\/admin.arpa.buap.mx\/arteymedios\/wp-json\/wp\/v2\/tags?post=102"}],"curies":[{"name":"wp","href":"https:\/\/api.w.org\/{rel}","templated":true}]}}